{"id":51500,"date":"2026-01-02T22:11:17","date_gmt":"2026-01-02T21:11:17","guid":{"rendered":"https:\/\/connectaled.com\/cieplo-barwy-swiatla\/"},"modified":"2026-02-22T20:56:12","modified_gmt":"2026-02-22T19:56:12","slug":"cieplo-barwy-swiatla","status":"publish","type":"post","link":"https:\/\/connectaled.com\/pl\/cieplo-barwy-swiatla\/","title":{"rendered":"Ciep\u0142o barwy \u015bwiat\u0142a"},"content":{"rendered":"\nJak wybra\u0107 temperatur\u0119 barwow\u0105 ta\u015bmy LED?\n\n\n\nO\u015bwietlenie odgrywa kluczow\u0105 rol\u0119 w przestrzeniach architektonicznych. S\u0142u\u017cy nie tylko g\u0142\u00f3wnemu celowi, jakim jest widoczno\u015b\u0107, ale tak\u017ce znacz\u0105co wp\u0142ywa na estetyk\u0119 i atmosfer\u0119. W zwi\u0105zku z tym temperatura barwowa o\u015bwietlenia jest wa\u017cnym czynnikiem, kt\u00f3ry nale\u017cy wzi\u0105\u0107 pod uwag\u0119. Jakiego rodzaju atmosfer\u0119 pragniesz stworzy\u0107 w swojej przestrzeni? Preferujesz przyjemne i zach\u0119caj\u0105ce otoczenie, czy raczej formaln\u0105 i ch\u0142odniejsz\u0105 atmosfer\u0119? Ponadto, okre\u015blenie odpowiedniej skorelowanej temperatury barwowej (CCT) pomaga osi\u0105gn\u0105\u0107 po\u017c\u0105dany efekt. Ten artyku\u0142 ma na celu pom\u00f3c Pa\u0144stwu w wyborze w\u0142a\u015bciwej CCT dla Pa\u0144stwa ta\u015bmy LED.       \n\n\n\nTemperatura barwowa to metryka u\u017cywana do okre\u015blenia w\u0142a\u015bciwo\u015bci koloru obecnych w \u015bwietle. Og\u00f3lnie rzecz bior\u0105c, temperatura cia\u0142a doskonale czarnego to kolor, jaki przyjmuje ca\u0142kowicie czarny obiekt, gdy jest stopniowo podgrzewany od zera absolutnego (-273 \u00b0C). Gdy cia\u0142o doskonale czarne si\u0119 nagrzewa, jego kolor zmienia si\u0119 z czarnego na czerwony i \u017c\u00f3\u0142ty, nast\u0119pnie na bia\u0142y, a ostatecznie emituje niebieskie \u015bwiat\u0142o. Temperatura barwowa to specyficzna temperatura, w kt\u00f3rej cia\u0142o doskonale czarne emituje \u015bwiat\u0142o o okre\u015blonym sk\u0142adzie spektralnym. Temperatura ta jest mierzona w Kelvinach (K). Ni\u017csza warto\u015b\u0107 temperatury barwowej odpowiada cieplejszej barwie \u015bwiat\u0142a, natomiast wy\u017csza warto\u015b\u0107 temperatury barwowej wskazuje na ch\u0142odniejsz\u0105 barw\u0119 \u015bwiat\u0142a.      \n\n\n\n Ta\u015bma LED o barwie bardzo ciep\u0142ej bieli 2700K jest idealna do salon\u00f3w i sypialni, zapewniaj\u0105c komfortow\u0105 i intymn\u0105 atmosfer\u0119. Ciep\u0142e bia\u0142e \u015bwiat\u0142o sprzyja relaksowi i jest szczeg\u00f3lnie zalecane przed snem, poniewa\u017c pomaga organizmowi produkowa\u0107 melatonin\u0119 dla spokojnego snu. W \u015brodowiskach komercyjnych, takich jak restauracje, hotele i sklepy detaliczne, ciep\u0142a po\u015bwiata o\u015bwietlenia 2700K tworzy przyjemn\u0105 i osobist\u0105 atmosfer\u0119. Z drugiej strony, ciep\u0142e bia\u0142e o\u015bwietlenie 3000K oferuje nieco bielszy wygl\u0105d w por\u00f3wnaniu do 2700K. Najlepiej nadaje si\u0119 do kuchni i \u0142azienek, gdzie po\u017c\u0105dane jest bardziej precyzyjne i skoncentrowane na zadaniach \u015brodowisko. \u015awiat\u0142o 3000K, cho\u0107 nadal zapewnia relaksuj\u0105c\u0105 atmosfer\u0119, dobrze sprawdza si\u0119 w przestrzeniach mieszkalnych, gdzie aktywno\u015bci wymagaj\u0105 uwagi. W zastosowaniach biznesowych, takich jak pokoje go\u015bcinne, kawiarnie i sklepy odzie\u017cowe, ciep\u0142e bia\u0142e \u015bwiat\u0142o 3000K tworzy komfortow\u0105 i zach\u0119caj\u0105c\u0105 atmosfer\u0119. Rozwa\u017c neutralne bia\u0142e o\u015bwietlenie 4000K, je\u015bli potrzebujesz czystego, skupionego i neutralnego bia\u0142ego \u015bwiat\u0142a. Ta opcja o\u015bwietlenia nadaje si\u0119 do sklep\u00f3w, gara\u017cy i kuchni, poniewa\u017c sprzyja relaksowi i poprawia zdolno\u015b\u0107 koncentracji. W \u015brodowiskach komercyjnych, takich jak biura, sklepy spo\u017cywcze, szpitale, sale lekcyjne i butiki jubilerskie specjalizuj\u0105ce si\u0119 w diamentach lub srebrze, neutralne bia\u0142e o\u015bwietlenie 4000K jest szczeg\u00f3lnie korzystne. Z drugiej strony, zimne bia\u0142e o\u015bwietlenie 6500K jest zalecane do \u015brodowisk wymagaj\u0105cych zwi\u0119kszonej uwagi i wydajno\u015bci. Ustawienia te mog\u0105 obejmowa\u0107 laboratoria, fabryki i szpitale. Ponadto, zimne bia\u0142e o\u015bwietlenie 6500K jest szczeg\u00f3lnie przydatne w rolnictwie, zw\u0142aszcza w ogrodnictwie wewn\u0119trznym.             \n\n\n\n W portfolio produkt\u00f3w i ofercie ESTA diody LED OSRAM s\u0105 stosowane w ta\u015bmach o nast\u0119puj\u0105cych barwach termicznych: &#8211; 2200 Kelvin\u00f3w &#8211; 2700 Kelvin\u00f3w &#8211; 3000 Kelvin\u00f3w &#8211; 3500 Kelvin\u00f3w &#8211; 4000 Kelvin\u00f3w &#8211; 5000 Kelvin\u00f3w &#8211; 5700 Kelvin\u00f3w &#8211; 6500 Kelvin\u00f3w\n\n<p><\/p>\n","protected":false},"excerpt":{"rendered":"<p>Jak wybra\u0107 temperatur\u0119 barwow\u0105 ta\u015bmy LED? O\u015bwietlenie odgrywa kluczow\u0105 rol\u0119 w przestrzeniach architektonicznych. S\u0142u\u017cy nie tylko g\u0142\u00f3wnemu celowi, jakim jest widoczno\u015b\u0107, ale tak\u017ce znacz\u0105co wp\u0142ywa na estetyk\u0119 i atmosfer\u0119. W zwi\u0105zku z tym temperatura barwowa o\u015bwietlenia jest wa\u017cnym czynnikiem, kt\u00f3ry nale\u017cy wzi\u0105\u0107 pod uwag\u0119. Jakiego rodzaju atmosfer\u0119 pragniesz stworzy\u0107 w swojej przestrzeni? Preferujesz przyjemne i &#8230; <a title=\"Ciep\u0142o barwy \u015bwiat\u0142a\" class=\"read-more\" href=\"https:\/\/connectaled.com\/pl\/cieplo-barwy-swiatla\/\" aria-label=\"Dowiedz si\u0119 wi\u0119cej o Ciep\u0142o barwy \u015bwiat\u0142a\">Czytaj dalej<\/a><\/p>\n","protected":false},"author":1,"featured_media":51501,"comment_status":"open","ping_status":"open","sticky":false,"template":"","format":"standard","meta":{"iawp_total_views":0,"_jetpack_memberships_contains_paid_content":false,"footnotes":""},"categories":[91],"tags":[],"class_list":["post-51500","post","type-post","status-publish","format-standard","has-post-thumbnail","hentry","category-wskazowki-dotyczace-podlaczania-i-sterowania-oswietleniem"],"yoast_head":"<!-- This site is optimized with the Yoast SEO plugin v27.4 - https:\/\/yoast.com\/product\/yoast-seo-wordpress\/ -->\n<title>Ciep\u0142o barwy \u015bwiat\u0142a &#8226; Connecta<\/title>\n<meta name=\"robots\" content=\"index, follow, max-snippet:-1, max-image-preview:large, max-video-preview:-1\" \/>\n<link rel=\"canonical\" href=\"https:\/\/connectaled.com\/pl\/cieplo-barwy-swiatla\/\" \/>\n<meta property=\"og:locale\" content=\"pl_PL\" \/>\n<meta property=\"og:type\" content=\"article\" \/>\n<meta property=\"og:title\" content=\"Ciep\u0142o barwy \u015bwiat\u0142a &#8226; Connecta\" \/>\n<meta property=\"og:description\" content=\"Jak wybra\u0107 temperatur\u0119 barwow\u0105 ta\u015bmy LED? O\u015bwietlenie odgrywa kluczow\u0105 rol\u0119 w przestrzeniach architektonicznych. S\u0142u\u017cy nie tylko g\u0142\u00f3wnemu celowi, jakim jest widoczno\u015b\u0107, ale tak\u017ce znacz\u0105co wp\u0142ywa na estetyk\u0119 i atmosfer\u0119. W zwi\u0105zku z tym temperatura barwowa o\u015bwietlenia jest wa\u017cnym czynnikiem, kt\u00f3ry nale\u017cy wzi\u0105\u0107 pod uwag\u0119. Jakiego rodzaju atmosfer\u0119 pragniesz stworzy\u0107 w swojej przestrzeni? Preferujesz przyjemne i ... Czytaj dalej\" \/>\n<meta property=\"og:url\" content=\"https:\/\/connectaled.com\/pl\/cieplo-barwy-swiatla\/\" \/>\n<meta property=\"og:site_name\" content=\"Connecta\" \/>\n<meta property=\"article:published_time\" content=\"2026-01-02T21:11:17+00:00\" \/>\n<meta property=\"article:modified_time\" content=\"2026-02-22T19:56:12+00:00\" \/>\n<meta property=\"og:image\" content=\"https:\/\/connectaled.com\/wp-content\/uploads\/2026\/01\/Designer.jpeg\" \/>\n\t<meta property=\"og:image:width\" content=\"1024\" \/>\n\t<meta property=\"og:image:height\" content=\"1024\" \/>\n\t<meta property=\"og:image:type\" content=\"image\/jpeg\" \/>\n<meta name=\"author\" content=\"zarko.nesic@esta.rs\" \/>\n<meta name=\"twitter:card\" content=\"summary_large_image\" \/>\n<meta name=\"twitter:label1\" content=\"Napisane przez\" \/>\n\t<meta name=\"twitter:data1\" content=\"zarko.nesic@esta.rs\" \/>\n\t<meta name=\"twitter:label2\" content=\"Szacowany czas czytania\" \/>\n\t<meta name=\"twitter:data2\" content=\"3 minuty\" \/>\n<script type=\"application\/ld+json\" class=\"yoast-schema-graph\">{\"@context\":\"https:\\\/\\\/schema.org\",\"@graph\":[{\"@type\":\"Article\",\"@id\":\"https:\\\/\\\/connectaled.com\\\/pl\\\/cieplo-barwy-swiatla\\\/#article\",\"isPartOf\":{\"@id\":\"https:\\\/\\\/connectaled.com\\\/pl\\\/cieplo-barwy-swiatla\\\/\"},\"author\":{\"name\":\"zarko.nesic@esta.rs\",\"@id\":\"https:\\\/\\\/connectaled.com\\\/pl\\\/#\\\/schema\\\/person\\\/eefcb80dd04bedcdeeecaed0ab1b29aa\"},\"headline\":\"Ciep\u0142o barwy \u015bwiat\u0142a\",\"datePublished\":\"2026-01-02T21:11:17+00:00\",\"dateModified\":\"2026-02-22T19:56:12+00:00\",\"mainEntityOfPage\":{\"@id\":\"https:\\\/\\\/connectaled.com\\\/pl\\\/cieplo-barwy-swiatla\\\/\"},\"wordCount\":558,\"commentCount\":0,\"publisher\":{\"@id\":\"https:\\\/\\\/connectaled.com\\\/pl\\\/#organization\"},\"image\":{\"@id\":\"https:\\\/\\\/connectaled.com\\\/pl\\\/cieplo-barwy-swiatla\\\/#primaryimage\"},\"thumbnailUrl\":\"https:\\\/\\\/connectaled.com\\\/wp-content\\\/uploads\\\/2026\\\/01\\\/Designer.jpeg\",\"articleSection\":[\"Wskaz\u00f3wki dotycz\u0105ce pod\u0142\u0105czania i sterowania o\u015bwietleniem\"],\"inLanguage\":\"pl-PL\",\"potentialAction\":[{\"@type\":\"CommentAction\",\"name\":\"Comment\",\"target\":[\"https:\\\/\\\/connectaled.com\\\/pl\\\/cieplo-barwy-swiatla\\\/#respond\"]}]},{\"@type\":\"WebPage\",\"@id\":\"https:\\\/\\\/connectaled.com\\\/pl\\\/cieplo-barwy-swiatla\\\/\",\"url\":\"https:\\\/\\\/connectaled.com\\\/pl\\\/cieplo-barwy-swiatla\\\/\",\"name\":\"Ciep\u0142o barwy \u015bwiat\u0142a &#8226; Connecta\",\"isPartOf\":{\"@id\":\"https:\\\/\\\/connectaled.com\\\/pl\\\/#website\"},\"primaryImageOfPage\":{\"@id\":\"https:\\\/\\\/connectaled.com\\\/pl\\\/cieplo-barwy-swiatla\\\/#primaryimage\"},\"image\":{\"@id\":\"https:\\\/\\\/connectaled.com\\\/pl\\\/cieplo-barwy-swiatla\\\/#primaryimage\"},\"thumbnailUrl\":\"https:\\\/\\\/connectaled.com\\\/wp-content\\\/uploads\\\/2026\\\/01\\\/Designer.jpeg\",\"datePublished\":\"2026-01-02T21:11:17+00:00\",\"dateModified\":\"2026-02-22T19:56:12+00:00\",\"breadcrumb\":{\"@id\":\"https:\\\/\\\/connectaled.com\\\/pl\\\/cieplo-barwy-swiatla\\\/#breadcrumb\"},\"inLanguage\":\"pl-PL\",\"potentialAction\":[{\"@type\":\"ReadAction\",\"target\":[\"https:\\\/\\\/connectaled.com\\\/pl\\\/cieplo-barwy-swiatla\\\/\"]}]},{\"@type\":\"ImageObject\",\"inLanguage\":\"pl-PL\",\"@id\":\"https:\\\/\\\/connectaled.com\\\/pl\\\/cieplo-barwy-swiatla\\\/#primaryimage\",\"url\":\"https:\\\/\\\/connectaled.com\\\/wp-content\\\/uploads\\\/2026\\\/01\\\/Designer.jpeg\",\"contentUrl\":\"https:\\\/\\\/connectaled.com\\\/wp-content\\\/uploads\\\/2026\\\/01\\\/Designer.jpeg\",\"width\":1024,\"height\":1024,\"caption\":\"Ciep\u0142o barwy \u015bwiat\u0142a\"},{\"@type\":\"BreadcrumbList\",\"@id\":\"https:\\\/\\\/connectaled.com\\\/pl\\\/cieplo-barwy-swiatla\\\/#breadcrumb\",\"itemListElement\":[{\"@type\":\"ListItem\",\"position\":1,\"name\":\"Home\",\"item\":\"https:\\\/\\\/connectaled.com\\\/pl\\\/\"},{\"@type\":\"ListItem\",\"position\":2,\"name\":\"Ciep\u0142o barwy \u015bwiat\u0142a\"}]},{\"@type\":\"WebSite\",\"@id\":\"https:\\\/\\\/connectaled.com\\\/pl\\\/#website\",\"url\":\"https:\\\/\\\/connectaled.com\\\/pl\\\/\",\"name\":\"Click&Light\",\"description\":\"Click&amp;Light\",\"publisher\":{\"@id\":\"https:\\\/\\\/connectaled.com\\\/pl\\\/#organization\"},\"alternateName\":\"Profesional LED Stripes\",\"potentialAction\":[{\"@type\":\"SearchAction\",\"target\":{\"@type\":\"EntryPoint\",\"urlTemplate\":\"https:\\\/\\\/connectaled.com\\\/pl\\\/?s={search_term_string}\"},\"query-input\":{\"@type\":\"PropertyValueSpecification\",\"valueRequired\":true,\"valueName\":\"search_term_string\"}}],\"inLanguage\":\"pl-PL\"},{\"@type\":\"Organization\",\"@id\":\"https:\\\/\\\/connectaled.com\\\/pl\\\/#organization\",\"name\":\"Click&Light\",\"alternateName\":\"ESTA Connecta LED Profesional LED Stripes\",\"url\":\"https:\\\/\\\/connectaled.com\\\/pl\\\/\",\"logo\":{\"@type\":\"ImageObject\",\"inLanguage\":\"pl-PL\",\"@id\":\"https:\\\/\\\/connectaled.com\\\/pl\\\/#\\\/schema\\\/logo\\\/image\\\/\",\"url\":\"https:\\\/\\\/connectaled.com\\\/wp-content\\\/uploads\\\/2026\\\/02\\\/0971ccf6-3fff-42e1-94cc-ad01a54d4b85-4.png\",\"contentUrl\":\"https:\\\/\\\/connectaled.com\\\/wp-content\\\/uploads\\\/2026\\\/02\\\/0971ccf6-3fff-42e1-94cc-ad01a54d4b85-4.png\",\"width\":1326,\"height\":330,\"caption\":\"Click&Light\"},\"image\":{\"@id\":\"https:\\\/\\\/connectaled.com\\\/pl\\\/#\\\/schema\\\/logo\\\/image\\\/\"}},{\"@type\":\"Person\",\"@id\":\"https:\\\/\\\/connectaled.com\\\/pl\\\/#\\\/schema\\\/person\\\/eefcb80dd04bedcdeeecaed0ab1b29aa\",\"name\":\"zarko.nesic@esta.rs\",\"image\":{\"@type\":\"ImageObject\",\"inLanguage\":\"pl-PL\",\"@id\":\"https:\\\/\\\/connectaled.com\\\/wp-content\\\/litespeed\\\/avatar\\\/41fb41c39da625e91d836872ad5000db.jpg?ver=1776581438\",\"url\":\"https:\\\/\\\/connectaled.com\\\/wp-content\\\/litespeed\\\/avatar\\\/41fb41c39da625e91d836872ad5000db.jpg?ver=1776581438\",\"contentUrl\":\"https:\\\/\\\/connectaled.com\\\/wp-content\\\/litespeed\\\/avatar\\\/41fb41c39da625e91d836872ad5000db.jpg?ver=1776581438\",\"caption\":\"zarko.nesic@esta.rs\"},\"sameAs\":[\"http:\\\/\\\/connectaled.com\"]}]}<\/script>\n<!-- \/ Yoast SEO plugin. -->","yoast_head_json":{"title":"Ciep\u0142o barwy \u015bwiat\u0142a &#8226; Connecta","robots":{"index":"index","follow":"follow","max-snippet":"max-snippet:-1","max-image-preview":"max-image-preview:large","max-video-preview":"max-video-preview:-1"},"canonical":"https:\/\/connectaled.com\/pl\/cieplo-barwy-swiatla\/","og_locale":"pl_PL","og_type":"article","og_title":"Ciep\u0142o barwy \u015bwiat\u0142a &#8226; Connecta","og_description":"Jak wybra\u0107 temperatur\u0119 barwow\u0105 ta\u015bmy LED? O\u015bwietlenie odgrywa kluczow\u0105 rol\u0119 w przestrzeniach architektonicznych. S\u0142u\u017cy nie tylko g\u0142\u00f3wnemu celowi, jakim jest widoczno\u015b\u0107, ale tak\u017ce znacz\u0105co wp\u0142ywa na estetyk\u0119 i atmosfer\u0119. W zwi\u0105zku z tym temperatura barwowa o\u015bwietlenia jest wa\u017cnym czynnikiem, kt\u00f3ry nale\u017cy wzi\u0105\u0107 pod uwag\u0119. Jakiego rodzaju atmosfer\u0119 pragniesz stworzy\u0107 w swojej przestrzeni? Preferujesz przyjemne i ... Czytaj dalej","og_url":"https:\/\/connectaled.com\/pl\/cieplo-barwy-swiatla\/","og_site_name":"Connecta","article_published_time":"2026-01-02T21:11:17+00:00","article_modified_time":"2026-02-22T19:56:12+00:00","og_image":[{"width":1024,"height":1024,"url":"https:\/\/connectaled.com\/wp-content\/uploads\/2026\/01\/Designer.jpeg","type":"image\/jpeg"}],"author":"zarko.nesic@esta.rs","twitter_card":"summary_large_image","twitter_misc":{"Napisane przez":"zarko.nesic@esta.rs","Szacowany czas czytania":"3 minuty"},"schema":{"@context":"https:\/\/schema.org","@graph":[{"@type":"Article","@id":"https:\/\/connectaled.com\/pl\/cieplo-barwy-swiatla\/#article","isPartOf":{"@id":"https:\/\/connectaled.com\/pl\/cieplo-barwy-swiatla\/"},"author":{"name":"zarko.nesic@esta.rs","@id":"https:\/\/connectaled.com\/pl\/#\/schema\/person\/eefcb80dd04bedcdeeecaed0ab1b29aa"},"headline":"Ciep\u0142o barwy \u015bwiat\u0142a","datePublished":"2026-01-02T21:11:17+00:00","dateModified":"2026-02-22T19:56:12+00:00","mainEntityOfPage":{"@id":"https:\/\/connectaled.com\/pl\/cieplo-barwy-swiatla\/"},"wordCount":558,"commentCount":0,"publisher":{"@id":"https:\/\/connectaled.com\/pl\/#organization"},"image":{"@id":"https:\/\/connectaled.com\/pl\/cieplo-barwy-swiatla\/#primaryimage"},"thumbnailUrl":"https:\/\/connectaled.com\/wp-content\/uploads\/2026\/01\/Designer.jpeg","articleSection":["Wskaz\u00f3wki dotycz\u0105ce pod\u0142\u0105czania i sterowania o\u015bwietleniem"],"inLanguage":"pl-PL","potentialAction":[{"@type":"CommentAction","name":"Comment","target":["https:\/\/connectaled.com\/pl\/cieplo-barwy-swiatla\/#respond"]}]},{"@type":"WebPage","@id":"https:\/\/connectaled.com\/pl\/cieplo-barwy-swiatla\/","url":"https:\/\/connectaled.com\/pl\/cieplo-barwy-swiatla\/","name":"Ciep\u0142o barwy \u015bwiat\u0142a &#8226; Connecta","isPartOf":{"@id":"https:\/\/connectaled.com\/pl\/#website"},"primaryImageOfPage":{"@id":"https:\/\/connectaled.com\/pl\/cieplo-barwy-swiatla\/#primaryimage"},"image":{"@id":"https:\/\/connectaled.com\/pl\/cieplo-barwy-swiatla\/#primaryimage"},"thumbnailUrl":"https:\/\/connectaled.com\/wp-content\/uploads\/2026\/01\/Designer.jpeg","datePublished":"2026-01-02T21:11:17+00:00","dateModified":"2026-02-22T19:56:12+00:00","breadcrumb":{"@id":"https:\/\/connectaled.com\/pl\/cieplo-barwy-swiatla\/#breadcrumb"},"inLanguage":"pl-PL","potentialAction":[{"@type":"ReadAction","target":["https:\/\/connectaled.com\/pl\/cieplo-barwy-swiatla\/"]}]},{"@type":"ImageObject","inLanguage":"pl-PL","@id":"https:\/\/connectaled.com\/pl\/cieplo-barwy-swiatla\/#primaryimage","url":"https:\/\/connectaled.com\/wp-content\/uploads\/2026\/01\/Designer.jpeg","contentUrl":"https:\/\/connectaled.com\/wp-content\/uploads\/2026\/01\/Designer.jpeg","width":1024,"height":1024,"caption":"Ciep\u0142o barwy \u015bwiat\u0142a"},{"@type":"BreadcrumbList","@id":"https:\/\/connectaled.com\/pl\/cieplo-barwy-swiatla\/#breadcrumb","itemListElement":[{"@type":"ListItem","position":1,"name":"Home","item":"https:\/\/connectaled.com\/pl\/"},{"@type":"ListItem","position":2,"name":"Ciep\u0142o barwy \u015bwiat\u0142a"}]},{"@type":"WebSite","@id":"https:\/\/connectaled.com\/pl\/#website","url":"https:\/\/connectaled.com\/pl\/","name":"Click&Light","description":"Click&amp;Light","publisher":{"@id":"https:\/\/connectaled.com\/pl\/#organization"},"alternateName":"Profesional LED Stripes","potentialAction":[{"@type":"SearchAction","target":{"@type":"EntryPoint","urlTemplate":"https:\/\/connectaled.com\/pl\/?s={search_term_string}"},"query-input":{"@type":"PropertyValueSpecification","valueRequired":true,"valueName":"search_term_string"}}],"inLanguage":"pl-PL"},{"@type":"Organization","@id":"https:\/\/connectaled.com\/pl\/#organization","name":"Click&Light","alternateName":"ESTA Connecta LED Profesional LED Stripes","url":"https:\/\/connectaled.com\/pl\/","logo":{"@type":"ImageObject","inLanguage":"pl-PL","@id":"https:\/\/connectaled.com\/pl\/#\/schema\/logo\/image\/","url":"https:\/\/connectaled.com\/wp-content\/uploads\/2026\/02\/0971ccf6-3fff-42e1-94cc-ad01a54d4b85-4.png","contentUrl":"https:\/\/connectaled.com\/wp-content\/uploads\/2026\/02\/0971ccf6-3fff-42e1-94cc-ad01a54d4b85-4.png","width":1326,"height":330,"caption":"Click&Light"},"image":{"@id":"https:\/\/connectaled.com\/pl\/#\/schema\/logo\/image\/"}},{"@type":"Person","@id":"https:\/\/connectaled.com\/pl\/#\/schema\/person\/eefcb80dd04bedcdeeecaed0ab1b29aa","name":"zarko.nesic@esta.rs","image":{"@type":"ImageObject","inLanguage":"pl-PL","@id":"https:\/\/connectaled.com\/wp-content\/litespeed\/avatar\/41fb41c39da625e91d836872ad5000db.jpg?ver=1776581438","url":"https:\/\/connectaled.com\/wp-content\/litespeed\/avatar\/41fb41c39da625e91d836872ad5000db.jpg?ver=1776581438","contentUrl":"https:\/\/connectaled.com\/wp-content\/litespeed\/avatar\/41fb41c39da625e91d836872ad5000db.jpg?ver=1776581438","caption":"zarko.nesic@esta.rs"},"sameAs":["http:\/\/connectaled.com"]}]}},"jetpack_featured_media_url":"https:\/\/connectaled.com\/wp-content\/uploads\/2026\/01\/Designer.jpeg","jetpack_sharing_enabled":true,"_links":{"self":[{"href":"https:\/\/connectaled.com\/pl\/wp-json\/wp\/v2\/posts\/51500","targetHints":{"allow":["GET"]}}],"collection":[{"href":"https:\/\/connectaled.com\/pl\/wp-json\/wp\/v2\/posts"}],"about":[{"href":"https:\/\/connectaled.com\/pl\/wp-json\/wp\/v2\/types\/post"}],"author":[{"embeddable":true,"href":"https:\/\/connectaled.com\/pl\/wp-json\/wp\/v2\/users\/1"}],"replies":[{"embeddable":true,"href":"https:\/\/connectaled.com\/pl\/wp-json\/wp\/v2\/comments?post=51500"}],"version-history":[{"count":1,"href":"https:\/\/connectaled.com\/pl\/wp-json\/wp\/v2\/posts\/51500\/revisions"}],"predecessor-version":[{"id":51502,"href":"https:\/\/connectaled.com\/pl\/wp-json\/wp\/v2\/posts\/51500\/revisions\/51502"}],"wp:featuredmedia":[{"embeddable":true,"href":"https:\/\/connectaled.com\/pl\/wp-json\/wp\/v2\/media\/51501"}],"wp:attachment":[{"href":"https:\/\/connectaled.com\/pl\/wp-json\/wp\/v2\/media?parent=51500"}],"wp:term":[{"taxonomy":"category","embeddable":true,"href":"https:\/\/connectaled.com\/pl\/wp-json\/wp\/v2\/categories?post=51500"},{"taxonomy":"post_tag","embeddable":true,"href":"https:\/\/connectaled.com\/pl\/wp-json\/wp\/v2\/tags?post=51500"}],"curies":[{"name":"wp","href":"https:\/\/api.w.org\/{rel}","templated":true}]}}