{"id":50558,"date":"2026-01-02T22:11:17","date_gmt":"2026-01-02T21:11:17","guid":{"rendered":"https:\/\/connectaled.com\/die-waerme-der-lichtfarbe\/"},"modified":"2026-01-20T22:51:14","modified_gmt":"2026-01-20T21:51:14","slug":"die-waerme-der-lichtfarbe","status":"publish","type":"post","link":"https:\/\/connectaled.com\/de\/die-waerme-der-lichtfarbe\/","title":{"rendered":"Die W\u00e4rme der Lichtfarbe"},"content":{"rendered":"\nWie w\u00e4hlt man die Farbtemperatur eines LED-Streifens?\n\n\n\nDie Beleuchtung spielt eine entscheidende Rolle in architektonischen R\u00e4umen. Sie dient nicht nur dem Hauptzweck der Sichtbarkeit, sondern beeinflusst auch ma\u00dfgeblich die \u00c4sthetik und das Ambiente. Folglich ist die Farbtemperatur Ihrer Beleuchtung ein wichtiger Faktor, der ber\u00fccksichtigt werden muss. Welche Art von Atmosph\u00e4re w\u00fcnschen Sie sich f\u00fcr Ihren Raum? Bevorzugen Sie eine angenehme und einladende Umgebung oder ein eher formelles und k\u00fchleres Ambiente? Dar\u00fcber hinaus hilft die Bestimmung der geeigneten korrelierten Farbtemperatur (CCT), den gew\u00fcnschten Effekt zu erzielen. Dieser Artikel soll Sie bei der Auswahl der richtigen CCT f\u00fcr Ihren LED-Streifen unterst\u00fctzen. \n\n\n\nDie Farbtemperatur ist eine Metrik, die verwendet wird, um die in Licht vorhandenen Farbeigenschaften anzugeben. Im Allgemeinen ist die Temperatur eines schwarzen K\u00f6rpers die Farbe, die ein vollst\u00e4ndig schwarzes Objekt aufweist, wenn es sich allm\u00e4hlich von absolut Null (-273 \u00b0C) erw\u00e4rmt. Wenn sich der schwarze K\u00f6rper erw\u00e4rmt, \u00e4ndert sich seine Farbe von Schwarz \u00fcber Rot und Gelb zu Wei\u00df und emittiert schlie\u00dflich blaues Licht. Die Farbtemperatur ist die spezifische Temperatur, bei der ein schwarzer K\u00f6rper Licht mit einer bestimmten spektralen Zusammensetzung emittiert. Diese Temperatur wird in Kelvin (K) gemessen. Ein niedrigerer Farbtemperaturwert entspricht einer w\u00e4rmeren Lichtfarbe, w\u00e4hrend ein h\u00f6herer Farbtemperaturwert auf eine k\u00fchlere Lichtfarbe hinweist. \n\n\n\n Der extra warmwei\u00dfe 2700K LED-Streifen ist ideal f\u00fcr Wohn- und Schlafzimmer und bietet ein komfortables und intimes Ambiente. Warmwei\u00dfes Licht f\u00f6rdert die Entspannung und wird besonders vor dem Schlafengehen empfohlen, da es dem K\u00f6rper hilft, Melatonin f\u00fcr eine erholsame Nacht zu produzieren. In kommerziellen Umgebungen wie Restaurants, Hotels und Einzelhandelsgesch\u00e4ften erzeugt das warme Leuchten der 2700K-Beleuchtung eine angenehme und pers\u00f6nliche Atmosph\u00e4re. Andererseits bietet die warmwei\u00dfe Beleuchtung mit 3000K im Vergleich zu 2700K ein etwas wei\u00dferes Erscheinungsbild. Es eignet sich am besten f\u00fcr K\u00fcchen und Badezimmer, wo eine pr\u00e4zisere und aufgabenorientiertere Umgebung gew\u00fcnscht wird. 3000K-Licht bietet zwar immer noch eine entspannende Atmosph\u00e4re, eignet sich aber gut f\u00fcr Wohnr\u00e4ume, in denen Aktivit\u00e4ten Aufmerksamkeit erfordern. In Gesch\u00e4ftsanwendungen wie G\u00e4stezimmern, Caf\u00e9s und Bekleidungsgesch\u00e4ften erzeugt warmwei\u00dfes 3000K-Licht eine komfortable und einladende Atmosph\u00e4re. Erw\u00e4gen Sie eine neutralwei\u00dfe 4000K-Beleuchtung, wenn Sie sauberes, fokussiertes und neutrales wei\u00dfes Licht ben\u00f6tigen. Diese Beleuchtungsoption eignet sich f\u00fcr Gesch\u00e4fte, Garagen und K\u00fcchen, da sie die Entspannung f\u00f6rdert und Ihre Konzentrationsf\u00e4higkeit verbessert. In kommerziellen Umgebungen wie B\u00fcros, Lebensmittelgesch\u00e4ften, Krankenh\u00e4usern, Klassenzimmern und Schmuckboutiquen, die sich auf Diamanten oder Silber spezialisiert haben, ist eine neutralwei\u00dfe 4000K-Beleuchtung besonders vorteilhaft. Andererseits wird eine kaltwei\u00dfe 6500K-Beleuchtung f\u00fcr Umgebungen empfohlen, die erh\u00f6hte Aufmerksamkeit und Leistung erfordern. Diese Einstellungen k\u00f6nnen Labore, Fabriken und Krankenh\u00e4user umfassen. Dar\u00fcber hinaus ist die kaltwei\u00dfe 6500K-Beleuchtung besonders n\u00fctzlich f\u00fcr die Landwirtschaft, insbesondere f\u00fcr den Indoor-Gartenbau. \n\n\n\n Im Produktportfolio und -angebot von ESTA sind OSRAM-LEDs in Streifen in thermischen Farben verbaut: &#8211; 2200 Kelvin &#8211; 2700 Kelvin &#8211; 3000 Kelvin &#8211; 3500 Kelvin &#8211; 4000 Kelvin &#8211; 5000 Kelvin &#8211; 5700 Kelvin &#8211; 6500 Kelvin\n\n<p><\/p>\n","protected":false},"excerpt":{"rendered":"<p>Wie w\u00e4hlt man die Farbtemperatur eines LED-Streifens? Die Beleuchtung spielt eine entscheidende Rolle in architektonischen R\u00e4umen. Sie dient nicht nur dem Hauptzweck der Sichtbarkeit, sondern beeinflusst auch ma\u00dfgeblich die \u00c4sthetik und das Ambiente. Folglich ist die Farbtemperatur Ihrer Beleuchtung ein wichtiger Faktor, der ber\u00fccksichtigt werden muss. Welche Art von Atmosph\u00e4re w\u00fcnschen Sie sich f\u00fcr Ihren &#8230; <a title=\"Die W\u00e4rme der Lichtfarbe\" class=\"read-more\" href=\"https:\/\/connectaled.com\/de\/die-waerme-der-lichtfarbe\/\" aria-label=\"Mehr Informationen \u00fcber Die W\u00e4rme der Lichtfarbe\">Weiterlesen &#8230;<\/a><\/p>\n","protected":false},"author":1,"featured_media":50559,"comment_status":"open","ping_status":"open","sticky":false,"template":"","format":"standard","meta":{"iawp_total_views":0,"_jetpack_memberships_contains_paid_content":false,"footnotes":""},"categories":[68],"tags":[],"class_list":["post-50558","post","type-post","status-publish","format-standard","has-post-thumbnail","hentry","category-tipps-zum-anschliesen-und-steuern-von-beleuchtung"],"yoast_head":"<!-- This site is optimized with the Yoast SEO plugin v27.4 - https:\/\/yoast.com\/product\/yoast-seo-wordpress\/ -->\n<title>Die W\u00e4rme der Lichtfarbe &#8226; Click&amp;Light<\/title>\n<meta name=\"robots\" content=\"index, follow, max-snippet:-1, max-image-preview:large, max-video-preview:-1\" \/>\n<link rel=\"canonical\" href=\"https:\/\/connectaled.com\/de\/die-waerme-der-lichtfarbe\/\" \/>\n<meta property=\"og:locale\" content=\"de_DE\" \/>\n<meta property=\"og:type\" content=\"article\" \/>\n<meta property=\"og:title\" content=\"Die W\u00e4rme der Lichtfarbe &#8226; Click&amp;Light\" \/>\n<meta property=\"og:description\" content=\"Wie w\u00e4hlt man die Farbtemperatur eines LED-Streifens? Die Beleuchtung spielt eine entscheidende Rolle in architektonischen R\u00e4umen. Sie dient nicht nur dem Hauptzweck der Sichtbarkeit, sondern beeinflusst auch ma\u00dfgeblich die \u00c4sthetik und das Ambiente. Folglich ist die Farbtemperatur Ihrer Beleuchtung ein wichtiger Faktor, der ber\u00fccksichtigt werden muss. Welche Art von Atmosph\u00e4re w\u00fcnschen Sie sich f\u00fcr Ihren ... Weiterlesen ...\" \/>\n<meta property=\"og:url\" content=\"https:\/\/connectaled.com\/de\/die-waerme-der-lichtfarbe\/\" \/>\n<meta property=\"og:site_name\" content=\"Click&amp;Light\" \/>\n<meta property=\"article:published_time\" content=\"2026-01-02T21:11:17+00:00\" \/>\n<meta property=\"article:modified_time\" content=\"2026-01-20T21:51:14+00:00\" \/>\n<meta property=\"og:image\" content=\"https:\/\/connectaled.com\/wp-content\/uploads\/2026\/01\/Designer.jpeg\" \/>\n\t<meta property=\"og:image:width\" content=\"1024\" \/>\n\t<meta property=\"og:image:height\" content=\"1024\" \/>\n\t<meta property=\"og:image:type\" content=\"image\/jpeg\" \/>\n<meta name=\"author\" content=\"zarko.nesic@esta.rs\" \/>\n<meta name=\"twitter:card\" content=\"summary_large_image\" \/>\n<meta name=\"twitter:label1\" content=\"Verfasst von\" \/>\n\t<meta name=\"twitter:data1\" content=\"zarko.nesic@esta.rs\" \/>\n\t<meta name=\"twitter:label2\" content=\"Gesch\u00e4tzte Lesezeit\" \/>\n\t<meta name=\"twitter:data2\" content=\"3\u00a0Minuten\" \/>\n<script type=\"application\/ld+json\" class=\"yoast-schema-graph\">{\"@context\":\"https:\\\/\\\/schema.org\",\"@graph\":[{\"@type\":\"Article\",\"@id\":\"https:\\\/\\\/connectaled.com\\\/de\\\/die-waerme-der-lichtfarbe\\\/#article\",\"isPartOf\":{\"@id\":\"https:\\\/\\\/connectaled.com\\\/de\\\/die-waerme-der-lichtfarbe\\\/\"},\"author\":{\"name\":\"zarko.nesic@esta.rs\",\"@id\":\"https:\\\/\\\/connectaled.com\\\/de\\\/#\\\/schema\\\/person\\\/eefcb80dd04bedcdeeecaed0ab1b29aa\"},\"headline\":\"Die W\u00e4rme der Lichtfarbe\",\"datePublished\":\"2026-01-02T21:11:17+00:00\",\"dateModified\":\"2026-01-20T21:51:14+00:00\",\"mainEntityOfPage\":{\"@id\":\"https:\\\/\\\/connectaled.com\\\/de\\\/die-waerme-der-lichtfarbe\\\/\"},\"wordCount\":531,\"commentCount\":0,\"publisher\":{\"@id\":\"https:\\\/\\\/connectaled.com\\\/de\\\/#organization\"},\"image\":{\"@id\":\"https:\\\/\\\/connectaled.com\\\/de\\\/die-waerme-der-lichtfarbe\\\/#primaryimage\"},\"thumbnailUrl\":\"https:\\\/\\\/connectaled.com\\\/wp-content\\\/uploads\\\/2026\\\/01\\\/Designer.jpeg\",\"articleSection\":[\"Tipps zum Anschlie\u00dfen und Steuern von Beleuchtung\"],\"inLanguage\":\"de\",\"potentialAction\":[{\"@type\":\"CommentAction\",\"name\":\"Comment\",\"target\":[\"https:\\\/\\\/connectaled.com\\\/de\\\/die-waerme-der-lichtfarbe\\\/#respond\"]}]},{\"@type\":\"WebPage\",\"@id\":\"https:\\\/\\\/connectaled.com\\\/de\\\/die-waerme-der-lichtfarbe\\\/\",\"url\":\"https:\\\/\\\/connectaled.com\\\/de\\\/die-waerme-der-lichtfarbe\\\/\",\"name\":\"Die W\u00e4rme der Lichtfarbe &#8226; Click&amp;Light\",\"isPartOf\":{\"@id\":\"https:\\\/\\\/connectaled.com\\\/de\\\/#website\"},\"primaryImageOfPage\":{\"@id\":\"https:\\\/\\\/connectaled.com\\\/de\\\/die-waerme-der-lichtfarbe\\\/#primaryimage\"},\"image\":{\"@id\":\"https:\\\/\\\/connectaled.com\\\/de\\\/die-waerme-der-lichtfarbe\\\/#primaryimage\"},\"thumbnailUrl\":\"https:\\\/\\\/connectaled.com\\\/wp-content\\\/uploads\\\/2026\\\/01\\\/Designer.jpeg\",\"datePublished\":\"2026-01-02T21:11:17+00:00\",\"dateModified\":\"2026-01-20T21:51:14+00:00\",\"breadcrumb\":{\"@id\":\"https:\\\/\\\/connectaled.com\\\/de\\\/die-waerme-der-lichtfarbe\\\/#breadcrumb\"},\"inLanguage\":\"de\",\"potentialAction\":[{\"@type\":\"ReadAction\",\"target\":[\"https:\\\/\\\/connectaled.com\\\/de\\\/die-waerme-der-lichtfarbe\\\/\"]}]},{\"@type\":\"ImageObject\",\"inLanguage\":\"de\",\"@id\":\"https:\\\/\\\/connectaled.com\\\/de\\\/die-waerme-der-lichtfarbe\\\/#primaryimage\",\"url\":\"https:\\\/\\\/connectaled.com\\\/wp-content\\\/uploads\\\/2026\\\/01\\\/Designer.jpeg\",\"contentUrl\":\"https:\\\/\\\/connectaled.com\\\/wp-content\\\/uploads\\\/2026\\\/01\\\/Designer.jpeg\",\"width\":1024,\"height\":1024,\"caption\":\"Light-color-warmth\"},{\"@type\":\"BreadcrumbList\",\"@id\":\"https:\\\/\\\/connectaled.com\\\/de\\\/die-waerme-der-lichtfarbe\\\/#breadcrumb\",\"itemListElement\":[{\"@type\":\"ListItem\",\"position\":1,\"name\":\"Home\",\"item\":\"https:\\\/\\\/connectaled.com\\\/de\\\/\"},{\"@type\":\"ListItem\",\"position\":2,\"name\":\"Die W\u00e4rme der Lichtfarbe\"}]},{\"@type\":\"WebSite\",\"@id\":\"https:\\\/\\\/connectaled.com\\\/de\\\/#website\",\"url\":\"https:\\\/\\\/connectaled.com\\\/de\\\/\",\"name\":\"Click&Light\",\"description\":\"Click&amp;Light\",\"publisher\":{\"@id\":\"https:\\\/\\\/connectaled.com\\\/de\\\/#organization\"},\"alternateName\":\"Profesional LED Stripes\",\"potentialAction\":[{\"@type\":\"SearchAction\",\"target\":{\"@type\":\"EntryPoint\",\"urlTemplate\":\"https:\\\/\\\/connectaled.com\\\/de\\\/?s={search_term_string}\"},\"query-input\":{\"@type\":\"PropertyValueSpecification\",\"valueRequired\":true,\"valueName\":\"search_term_string\"}}],\"inLanguage\":\"de\"},{\"@type\":\"Organization\",\"@id\":\"https:\\\/\\\/connectaled.com\\\/de\\\/#organization\",\"name\":\"Click&Light\",\"alternateName\":\"ESTA Connecta LED Profesional LED Stripes\",\"url\":\"https:\\\/\\\/connectaled.com\\\/de\\\/\",\"logo\":{\"@type\":\"ImageObject\",\"inLanguage\":\"de\",\"@id\":\"https:\\\/\\\/connectaled.com\\\/de\\\/#\\\/schema\\\/logo\\\/image\\\/\",\"url\":\"https:\\\/\\\/connectaled.com\\\/wp-content\\\/uploads\\\/2026\\\/02\\\/0971ccf6-3fff-42e1-94cc-ad01a54d4b85-4.png\",\"contentUrl\":\"https:\\\/\\\/connectaled.com\\\/wp-content\\\/uploads\\\/2026\\\/02\\\/0971ccf6-3fff-42e1-94cc-ad01a54d4b85-4.png\",\"width\":1326,\"height\":330,\"caption\":\"Click&Light\"},\"image\":{\"@id\":\"https:\\\/\\\/connectaled.com\\\/de\\\/#\\\/schema\\\/logo\\\/image\\\/\"}},{\"@type\":\"Person\",\"@id\":\"https:\\\/\\\/connectaled.com\\\/de\\\/#\\\/schema\\\/person\\\/eefcb80dd04bedcdeeecaed0ab1b29aa\",\"name\":\"zarko.nesic@esta.rs\",\"image\":{\"@type\":\"ImageObject\",\"inLanguage\":\"de\",\"@id\":\"https:\\\/\\\/connectaled.com\\\/wp-content\\\/litespeed\\\/avatar\\\/41fb41c39da625e91d836872ad5000db.jpg?ver=1776581438\",\"url\":\"https:\\\/\\\/connectaled.com\\\/wp-content\\\/litespeed\\\/avatar\\\/41fb41c39da625e91d836872ad5000db.jpg?ver=1776581438\",\"contentUrl\":\"https:\\\/\\\/connectaled.com\\\/wp-content\\\/litespeed\\\/avatar\\\/41fb41c39da625e91d836872ad5000db.jpg?ver=1776581438\",\"caption\":\"zarko.nesic@esta.rs\"},\"sameAs\":[\"http:\\\/\\\/connectaled.com\"]}]}<\/script>\n<!-- \/ Yoast SEO plugin. -->","yoast_head_json":{"title":"Die W\u00e4rme der Lichtfarbe &#8226; Click&amp;Light","robots":{"index":"index","follow":"follow","max-snippet":"max-snippet:-1","max-image-preview":"max-image-preview:large","max-video-preview":"max-video-preview:-1"},"canonical":"https:\/\/connectaled.com\/de\/die-waerme-der-lichtfarbe\/","og_locale":"de_DE","og_type":"article","og_title":"Die W\u00e4rme der Lichtfarbe &#8226; Click&amp;Light","og_description":"Wie w\u00e4hlt man die Farbtemperatur eines LED-Streifens? Die Beleuchtung spielt eine entscheidende Rolle in architektonischen R\u00e4umen. Sie dient nicht nur dem Hauptzweck der Sichtbarkeit, sondern beeinflusst auch ma\u00dfgeblich die \u00c4sthetik und das Ambiente. Folglich ist die Farbtemperatur Ihrer Beleuchtung ein wichtiger Faktor, der ber\u00fccksichtigt werden muss. Welche Art von Atmosph\u00e4re w\u00fcnschen Sie sich f\u00fcr Ihren ... Weiterlesen ...","og_url":"https:\/\/connectaled.com\/de\/die-waerme-der-lichtfarbe\/","og_site_name":"Click&amp;Light","article_published_time":"2026-01-02T21:11:17+00:00","article_modified_time":"2026-01-20T21:51:14+00:00","og_image":[{"width":1024,"height":1024,"url":"https:\/\/connectaled.com\/wp-content\/uploads\/2026\/01\/Designer.jpeg","type":"image\/jpeg"}],"author":"zarko.nesic@esta.rs","twitter_card":"summary_large_image","twitter_misc":{"Verfasst von":"zarko.nesic@esta.rs","Gesch\u00e4tzte Lesezeit":"3\u00a0Minuten"},"schema":{"@context":"https:\/\/schema.org","@graph":[{"@type":"Article","@id":"https:\/\/connectaled.com\/de\/die-waerme-der-lichtfarbe\/#article","isPartOf":{"@id":"https:\/\/connectaled.com\/de\/die-waerme-der-lichtfarbe\/"},"author":{"name":"zarko.nesic@esta.rs","@id":"https:\/\/connectaled.com\/de\/#\/schema\/person\/eefcb80dd04bedcdeeecaed0ab1b29aa"},"headline":"Die W\u00e4rme der Lichtfarbe","datePublished":"2026-01-02T21:11:17+00:00","dateModified":"2026-01-20T21:51:14+00:00","mainEntityOfPage":{"@id":"https:\/\/connectaled.com\/de\/die-waerme-der-lichtfarbe\/"},"wordCount":531,"commentCount":0,"publisher":{"@id":"https:\/\/connectaled.com\/de\/#organization"},"image":{"@id":"https:\/\/connectaled.com\/de\/die-waerme-der-lichtfarbe\/#primaryimage"},"thumbnailUrl":"https:\/\/connectaled.com\/wp-content\/uploads\/2026\/01\/Designer.jpeg","articleSection":["Tipps zum Anschlie\u00dfen und Steuern von Beleuchtung"],"inLanguage":"de","potentialAction":[{"@type":"CommentAction","name":"Comment","target":["https:\/\/connectaled.com\/de\/die-waerme-der-lichtfarbe\/#respond"]}]},{"@type":"WebPage","@id":"https:\/\/connectaled.com\/de\/die-waerme-der-lichtfarbe\/","url":"https:\/\/connectaled.com\/de\/die-waerme-der-lichtfarbe\/","name":"Die W\u00e4rme der Lichtfarbe &#8226; Click&amp;Light","isPartOf":{"@id":"https:\/\/connectaled.com\/de\/#website"},"primaryImageOfPage":{"@id":"https:\/\/connectaled.com\/de\/die-waerme-der-lichtfarbe\/#primaryimage"},"image":{"@id":"https:\/\/connectaled.com\/de\/die-waerme-der-lichtfarbe\/#primaryimage"},"thumbnailUrl":"https:\/\/connectaled.com\/wp-content\/uploads\/2026\/01\/Designer.jpeg","datePublished":"2026-01-02T21:11:17+00:00","dateModified":"2026-01-20T21:51:14+00:00","breadcrumb":{"@id":"https:\/\/connectaled.com\/de\/die-waerme-der-lichtfarbe\/#breadcrumb"},"inLanguage":"de","potentialAction":[{"@type":"ReadAction","target":["https:\/\/connectaled.com\/de\/die-waerme-der-lichtfarbe\/"]}]},{"@type":"ImageObject","inLanguage":"de","@id":"https:\/\/connectaled.com\/de\/die-waerme-der-lichtfarbe\/#primaryimage","url":"https:\/\/connectaled.com\/wp-content\/uploads\/2026\/01\/Designer.jpeg","contentUrl":"https:\/\/connectaled.com\/wp-content\/uploads\/2026\/01\/Designer.jpeg","width":1024,"height":1024,"caption":"Light-color-warmth"},{"@type":"BreadcrumbList","@id":"https:\/\/connectaled.com\/de\/die-waerme-der-lichtfarbe\/#breadcrumb","itemListElement":[{"@type":"ListItem","position":1,"name":"Home","item":"https:\/\/connectaled.com\/de\/"},{"@type":"ListItem","position":2,"name":"Die W\u00e4rme der Lichtfarbe"}]},{"@type":"WebSite","@id":"https:\/\/connectaled.com\/de\/#website","url":"https:\/\/connectaled.com\/de\/","name":"Click&Light","description":"Click&amp;Light","publisher":{"@id":"https:\/\/connectaled.com\/de\/#organization"},"alternateName":"Profesional LED Stripes","potentialAction":[{"@type":"SearchAction","target":{"@type":"EntryPoint","urlTemplate":"https:\/\/connectaled.com\/de\/?s={search_term_string}"},"query-input":{"@type":"PropertyValueSpecification","valueRequired":true,"valueName":"search_term_string"}}],"inLanguage":"de"},{"@type":"Organization","@id":"https:\/\/connectaled.com\/de\/#organization","name":"Click&Light","alternateName":"ESTA Connecta LED Profesional LED Stripes","url":"https:\/\/connectaled.com\/de\/","logo":{"@type":"ImageObject","inLanguage":"de","@id":"https:\/\/connectaled.com\/de\/#\/schema\/logo\/image\/","url":"https:\/\/connectaled.com\/wp-content\/uploads\/2026\/02\/0971ccf6-3fff-42e1-94cc-ad01a54d4b85-4.png","contentUrl":"https:\/\/connectaled.com\/wp-content\/uploads\/2026\/02\/0971ccf6-3fff-42e1-94cc-ad01a54d4b85-4.png","width":1326,"height":330,"caption":"Click&Light"},"image":{"@id":"https:\/\/connectaled.com\/de\/#\/schema\/logo\/image\/"}},{"@type":"Person","@id":"https:\/\/connectaled.com\/de\/#\/schema\/person\/eefcb80dd04bedcdeeecaed0ab1b29aa","name":"zarko.nesic@esta.rs","image":{"@type":"ImageObject","inLanguage":"de","@id":"https:\/\/connectaled.com\/wp-content\/litespeed\/avatar\/41fb41c39da625e91d836872ad5000db.jpg?ver=1776581438","url":"https:\/\/connectaled.com\/wp-content\/litespeed\/avatar\/41fb41c39da625e91d836872ad5000db.jpg?ver=1776581438","contentUrl":"https:\/\/connectaled.com\/wp-content\/litespeed\/avatar\/41fb41c39da625e91d836872ad5000db.jpg?ver=1776581438","caption":"zarko.nesic@esta.rs"},"sameAs":["http:\/\/connectaled.com"]}]}},"jetpack_featured_media_url":"https:\/\/connectaled.com\/wp-content\/uploads\/2026\/01\/Designer.jpeg","jetpack_sharing_enabled":true,"_links":{"self":[{"href":"https:\/\/connectaled.com\/de\/wp-json\/wp\/v2\/posts\/50558","targetHints":{"allow":["GET"]}}],"collection":[{"href":"https:\/\/connectaled.com\/de\/wp-json\/wp\/v2\/posts"}],"about":[{"href":"https:\/\/connectaled.com\/de\/wp-json\/wp\/v2\/types\/post"}],"author":[{"embeddable":true,"href":"https:\/\/connectaled.com\/de\/wp-json\/wp\/v2\/users\/1"}],"replies":[{"embeddable":true,"href":"https:\/\/connectaled.com\/de\/wp-json\/wp\/v2\/comments?post=50558"}],"version-history":[{"count":1,"href":"https:\/\/connectaled.com\/de\/wp-json\/wp\/v2\/posts\/50558\/revisions"}],"predecessor-version":[{"id":50560,"href":"https:\/\/connectaled.com\/de\/wp-json\/wp\/v2\/posts\/50558\/revisions\/50560"}],"wp:featuredmedia":[{"embeddable":true,"href":"https:\/\/connectaled.com\/de\/wp-json\/wp\/v2\/media\/50559"}],"wp:attachment":[{"href":"https:\/\/connectaled.com\/de\/wp-json\/wp\/v2\/media?parent=50558"}],"wp:term":[{"taxonomy":"category","embeddable":true,"href":"https:\/\/connectaled.com\/de\/wp-json\/wp\/v2\/categories?post=50558"},{"taxonomy":"post_tag","embeddable":true,"href":"https:\/\/connectaled.com\/de\/wp-json\/wp\/v2\/tags?post=50558"}],"curies":[{"name":"wp","href":"https:\/\/api.w.org\/{rel}","templated":true}]}}